{"id":353,"date":"2009-07-01T01:33:22","date_gmt":"2009-06-30T23:33:22","guid":{"rendered":"http:\/\/www.mike-bcn.de\/blog\/?p=353"},"modified":"2009-07-01T01:34:05","modified_gmt":"2009-06-30T23:34:05","slug":"meilen_stein-live-strasenfest-richelstrase","status":"publish","type":"post","link":"http:\/\/www.mike-bcn.de\/blog\/?p=353","title":{"rendered":"MEILEN_STEIN LIVE @ Stra\u00dfenfest Richelstra\u00dfe"},"content":{"rendered":"<p><strong>Am Samstag den 04.07.2009 ist es wieder so weit&#8230;.<\/strong><\/p>\n<p style=\"text-align: center;\"><a href=\"http:\/\/www.meilen-stein-musik.de\"><img loading=\"lazy\" decoding=\"async\" class=\"aligncenter size-full wp-image-354\" title=\"CasaNova2009-1\" src=\"http:\/\/www.mike-bcn.de\/blog\/wp-content\/uploads\/2009\/07\/CasaNova2009-1.jpg\" alt=\"CasaNova2009-1\" width=\"405\" height=\"286\" srcset=\"http:\/\/www.mike-bcn.de\/blog\/wp-content\/uploads\/2009\/07\/CasaNova2009-1.jpg 480w, http:\/\/www.mike-bcn.de\/blog\/wp-content\/uploads\/2009\/07\/CasaNova2009-1-300x211.jpg 300w\" sizes=\"auto, (max-width: 405px) 100vw, 405px\" \/><\/a><\/p>\n<p><strong>Die Band MEILEN_Stein <a href=\"http:\/\/www.meilen-stein-musik.de\" target=\"_blank\">www.meilen-stein-musik.de<\/a><\/strong><\/p>\n<p><strong>ist wieder Live zu sehen @ <\/strong><span style=\"font-weight: bold;\">Stra\u00dfenfest Richelstra\u00dfe. <\/span><\/p>\n<p><span style=\"font-weight: bold;\">Datum : Samstag 04.07.2009 vor dem Richelbr\u00e4u<\/span><\/p>\n<p><span style=\"font-weight: bold;\"><a title=\"Stra\u00dfenfest Richelbr\u00e4u\" href=\"http:\/\/www.richelbraeu.de\/veranstaltungen\/index.php\" target=\"_blank\">Infos hier<\/a><br \/>\n<\/span><\/p>\n","protected":false},"excerpt":{"rendered":"<p>Am Samstag den 04.07.2009 ist es wieder so weit&#8230;. Die Band MEILEN_Stein www.meilen-stein-musik.de ist wieder Live zu sehen @ Stra\u00dfenfest Richelstra\u00dfe. Datum : Samstag 04.07.2009 vor dem Richelbr\u00e4u Infos hier<\/p>\n","protected":false},"author":2,"featured_media":0,"comment_status":"open","ping_status":"open","sticky":false,"template":"","format":"standard","meta":{"footnotes":""},"categories":[1],"tags":[59,108,109],"class_list":["post-353","post","type-post","status-publish","format-standard","hentry","category-allgemeines","tag-meilen_stein","tag-richelstrase","tag-strasenfest"],"aioseo_notices":[],"_links":{"self":[{"href":"http:\/\/www.mike-bcn.de\/blog\/index.php?rest_route=\/wp\/v2\/posts\/353","targetHints":{"allow":["GET"]}}],"collection":[{"href":"http:\/\/www.mike-bcn.de\/blog\/index.php?rest_route=\/wp\/v2\/posts"}],"about":[{"href":"http:\/\/www.mike-bcn.de\/blog\/index.php?rest_route=\/wp\/v2\/types\/post"}],"author":[{"embeddable":true,"href":"http:\/\/www.mike-bcn.de\/blog\/index.php?rest_route=\/wp\/v2\/users\/2"}],"replies":[{"embeddable":true,"href":"http:\/\/www.mike-bcn.de\/blog\/index.php?rest_route=%2Fwp%2Fv2%2Fcomments&post=353"}],"version-history":[{"count":2,"href":"http:\/\/www.mike-bcn.de\/blog\/index.php?rest_route=\/wp\/v2\/posts\/353\/revisions"}],"predecessor-version":[{"id":356,"href":"http:\/\/www.mike-bcn.de\/blog\/index.php?rest_route=\/wp\/v2\/posts\/353\/revisions\/356"}],"wp:attachment":[{"href":"http:\/\/www.mike-bcn.de\/blog\/index.php?rest_route=%2Fwp%2Fv2%2Fmedia&parent=353"}],"wp:term":[{"taxonomy":"category","embeddable":true,"href":"http:\/\/www.mike-bcn.de\/blog\/index.php?rest_route=%2Fwp%2Fv2%2Fcategories&post=353"},{"taxonomy":"post_tag","embeddable":true,"href":"http:\/\/www.mike-bcn.de\/blog\/index.php?rest_route=%2Fwp%2Fv2%2Ftags&post=353"}],"curies":[{"name":"wp","href":"https:\/\/api.w.org\/{rel}","templated":true}]}}