{"id":11,"date":"2008-08-09T01:06:49","date_gmt":"2008-08-08T23:06:49","guid":{"rendered":"http:\/\/mike-bcn.de\/blog\/?p=11"},"modified":"2008-08-11T01:53:07","modified_gmt":"2008-08-10T23:53:07","slug":"video-vom-munchner-sommernachtstraum-2008","status":"publish","type":"post","link":"http:\/\/www.mike-bcn.de\/blog\/?p=11","title":{"rendered":"Video vom M\u00fcnchner Sommernachtstraum 2008"},"content":{"rendered":"<p><strong>So.. nun ist das Video vom M\u00fcnchner Sommernachtstraum  2008 sind nun Online.<\/strong><\/p>\n<p><strong>Hier direkt in zwei Teile von My Video.de<\/strong><\/p>\n<p><strong>Teil1<\/strong><br \/>\n<object classid=\"clsid:d27cdb6e-ae6d-11cf-96b8-444553540000\" width=\"470\" height=\"406\" codebase=\"http:\/\/download.macromedia.com\/pub\/shockwave\/cabs\/flash\/swflash.cab#version=6,0,40,0\"><param name=\"AllowFullscreen\" value=\"true\" \/><param name=\"src\" value=\"http:\/\/www.myvideo.de\/movie\/4769410\" \/><embed type=\"application\/x-shockwave-flash\" width=\"470\" height=\"406\" src=\"http:\/\/www.myvideo.de\/movie\/4769410\" allowfullscreen=\"true\"><\/embed><\/object><br \/>\n<a title=\"M\u00fcnchner Sommernachtstraum 2008 - Teil1 - MyVideo\" href=\"http:\/\/www.myvideo.de\/watch\/4769410\/Muenchner_Sommernachtstraum_2008_Teil1\">M\u00fcnchner Sommernachtstraum 2008 &#8211; Teil1 &#8211; MyVideo<\/a><\/p>\n<p><object classid=\"clsid:d27cdb6e-ae6d-11cf-96b8-444553540000\" width=\"470\" height=\"406\" codebase=\"http:\/\/download.macromedia.com\/pub\/shockwave\/cabs\/flash\/swflash.cab#version=6,0,40,0\"><param name=\"AllowFullscreen\" value=\"true\" \/><param name=\"src\" value=\"http:\/\/www.myvideo.de\/movie\/4769449\" \/><embed type=\"application\/x-shockwave-flash\" width=\"470\" height=\"406\" src=\"http:\/\/www.myvideo.de\/movie\/4769449\" allowfullscreen=\"true\"><\/embed><\/object><br \/>\n<a title=\"M\u00fcnchner Sommernachtstraum 2008 - Teil2 - MyVideo\" href=\"http:\/\/www.myvideo.de\/watch\/4769449\/Muenchner_Sommernachtstraum_2008_Teil2\">M\u00fcnchner Sommernachtstraum 2008 &#8211; Teil2 &#8211; MyVideo<\/a><\/p>\n","protected":false},"excerpt":{"rendered":"<p>So.. nun ist das Video vom M\u00fcnchner Sommernachtstraum 2008 sind nun Online. Hier direkt in zwei Teile von My Video.de Teil1 M\u00fcnchner Sommernachtstraum 2008 &#8211; Teil1 &#8211; MyVideo M\u00fcnchner Sommernachtstraum 2008 &#8211; Teil2 &#8211; MyVideo<\/p>\n","protected":false},"author":1,"featured_media":0,"comment_status":"open","ping_status":"open","sticky":false,"template":"","format":"standard","meta":{"footnotes":""},"categories":[13],"tags":[6,7],"class_list":["post-11","post","type-post","status-publish","format-standard","hentry","category-news-video-online","tag-sommernachtstraum","tag-video"],"aioseo_notices":[],"_links":{"self":[{"href":"http:\/\/www.mike-bcn.de\/blog\/index.php?rest_route=\/wp\/v2\/posts\/11","targetHints":{"allow":["GET"]}}],"collection":[{"href":"http:\/\/www.mike-bcn.de\/blog\/index.php?rest_route=\/wp\/v2\/posts"}],"about":[{"href":"http:\/\/www.mike-bcn.de\/blog\/index.php?rest_route=\/wp\/v2\/types\/post"}],"author":[{"embeddable":true,"href":"http:\/\/www.mike-bcn.de\/blog\/index.php?rest_route=\/wp\/v2\/users\/1"}],"replies":[{"embeddable":true,"href":"http:\/\/www.mike-bcn.de\/blog\/index.php?rest_route=%2Fwp%2Fv2%2Fcomments&post=11"}],"version-history":[{"count":6,"href":"http:\/\/www.mike-bcn.de\/blog\/index.php?rest_route=\/wp\/v2\/posts\/11\/revisions"}],"predecessor-version":[{"id":40,"href":"http:\/\/www.mike-bcn.de\/blog\/index.php?rest_route=\/wp\/v2\/posts\/11\/revisions\/40"}],"wp:attachment":[{"href":"http:\/\/www.mike-bcn.de\/blog\/index.php?rest_route=%2Fwp%2Fv2%2Fmedia&parent=11"}],"wp:term":[{"taxonomy":"category","embeddable":true,"href":"http:\/\/www.mike-bcn.de\/blog\/index.php?rest_route=%2Fwp%2Fv2%2Fcategories&post=11"},{"taxonomy":"post_tag","embeddable":true,"href":"http:\/\/www.mike-bcn.de\/blog\/index.php?rest_route=%2Fwp%2Fv2%2Ftags&post=11"}],"curies":[{"name":"wp","href":"https:\/\/api.w.org\/{rel}","templated":true}]}}